{"id":288,"date":"2018-05-10T03:00:36","date_gmt":"2018-05-10T03:00:36","guid":{"rendered":"https:\/\/4amsaatchi.com\/?p=288"},"modified":"2019-03-20T21:26:29","modified_gmt":"2019-03-20T21:26:29","slug":"guillermo-martinez","status":"publish","type":"post","link":"https:\/\/4amsaatchi.com\/panama\/guillermo-martinez\/","title":{"rendered":"GUILLERMO MART\u00cdNEZ"},"content":{"rendered":"<div class=\"mp-row-fluid motopress-row mp-row-fullwidth mpce-prvt-197-5af36faf161a8 mpce-dsbl-margin-left mpce-dsbl-margin-right\">\n<div class=\"motopress-clmn mp-span12  mpce-dsbl-margin-left mpce-dsbl-margin-right\">\n<div class=\"mp-row-fluid motopress-row mpce-dsbl-margin-left mpce-dsbl-margin-right\">\n<div class=\"motopress-clmn mp-span12 mpce-dsbl-margin-left mpce-dsbl-margin-right\">\n<div class=\"motopress-code-obj\">\n<div class=\"col-md-4 col-sm-6 col-xs-12\">\n<p><img loading=\"lazy\" decoding=\"async\" class=\"foto-persona alignnone wp-image-1147 size-full\" src=\"https:\/\/4amsaatchi.com\/wp-content\/uploads\/sites\/8\/2018\/05\/guillermo.jpg\" alt=\"\" width=\"600\" height=\"600\" srcset=\"https:\/\/4amsaatchi.com\/panama\/wp-content\/uploads\/sites\/8\/2018\/05\/guillermo.jpg 600w, https:\/\/4amsaatchi.com\/panama\/wp-content\/uploads\/sites\/8\/2018\/05\/guillermo-150x150.jpg 150w, https:\/\/4amsaatchi.com\/panama\/wp-content\/uploads\/sites\/8\/2018\/05\/guillermo-300x300.jpg 300w, https:\/\/4amsaatchi.com\/panama\/wp-content\/uploads\/sites\/8\/2018\/05\/guillermo-100x100.jpg 100w\" sizes=\"(max-width: 600px) 100vw, 600px\" \/><\/p>\n<\/div>\n<div class=\"col-md-8 col-sm-6 col-xs-12\">\n<h2 class=\"titulo-persona\">GUILLERMO MART\u00cdNEZ<\/h2>\n<p class=\"cargo-persona\">CEO Regional<\/p>\n<p class=\"parrafos-personas\">Desde los 9 a\u00f1os conoc\u00eda la agencia a donde hoy es el CEO, paralelo a sus estudios de primaria ocupaba sus d\u00edas rondando con sus padres Roksanda Ordo\u00f1ez y Juan Luis Mart\u00ednez, qui\u00e9nes son los fundadores de Creaci\u00f3n S.A., por las distintas \u00e1reas entendiendo su funcionamiento.<\/p>\n<p class=\"parrafos-personas\">Su vida acad\u00e9mica inici\u00f3 como t\u00e9cnico en publicidad de la Universidad San Carlos, continu\u00f3 con el grado de Licenciado en Mercadeo de la Universidad Rafael Landivar, que complement\u00f3 con una maestr\u00eda en emprendimiento de la Universidad EAE de Barcelona y un MBA de la Universidad Polit\u00e9cnica de Catalu\u00f1a.<\/p>\n<p class=\"parrafos-personas\">Su carrera profesional inicia por lo alto en 1994 como fundador de la empresa \u201cDoble Clic\u201d pionera en Latinoam\u00e9rica. En el 2007 con m\u00e1s experiencia y despu\u00e9s de regresar de culminar su MBA asume el cargo de CEO en Creaci\u00f3n Saatchi &amp; Saatchi de manos de su padre.<\/p>\n<p class=\"parrafos-personas\">Ahora es 4am Saatchi &amp; Saatchi, que ha crecido con su liderazgo, representando a la agencia en todo Centroam\u00e9rica y obteniendo 3 Leones en Cannes, entre otros premios. Bajo su direcci\u00f3n nace People First la nueva metodolog\u00eda de 4am que consiste en humanizar las marcas para conectarlas con personas.<\/p>\n<p class=\"parrafos-personas\">Willy, como lo llaman sus amigos, est\u00e1 revolucionando no solo la agencia sino toda la industria en Guatemala y Centroam\u00e9rica.<\/p>\n<\/div>\n<\/div>\n<\/div>\n<\/div>\n<div class=\"mp-row-fluid motopress-row mpce-dsbl-margin-left mpce-dsbl-margin-right\">\n<div class=\"motopress-clmn mp-span12 mpce-dsbl-margin-left mpce-dsbl-margin-right  motopress-space\">\n<div class=\"motopress-space-obj mpce-dsbl-background-image-type mpce-dsbl-background-image mpce-dsbl-background-gradient mpce-dsbl-background-position mpce-dsbl-background-position-x mpce-dsbl-background-position-y mpce-dsbl-background-repeat mpce-dsbl-background-size mpce-dsbl-background-attachment mpce-dsbl-margin-left mpce-dsbl-margin-right mpce-dsbl-background-color mpce-dsbl-border-top-width mpce-dsbl-border-bottom-width mpce-dsbl-border-left-width mpce-dsbl-border-right-width mpce-dsbl-border-top-left-radius mpce-dsbl-border-top-right-radius mpce-dsbl-border-bottom-left-radius mpce-dsbl-border-bottom-right-radius mpce-dsbl-border-style mpce-dsbl-border-color mpce-dsbl-padding-left mpce-dsbl-padding-right mpce-dsbl-margin-top mpce-dsbl-margin-bottom mpce-dsbl-color motopress-margin-top-25\"  data-min-height=\"0\"><div><\/div><\/div>\n<\/div>\n<\/div>\n<\/div>\n<\/div>\n","protected":false},"excerpt":{"rendered":"CEO REGIONAL\r\n<div class=\"line-center\"><\/div>\r\n<p class=\"texto-team-dos\">\u00abEl alem\u00e1n que ense\u00f1a a todos en la agencia\u00bb<\/p>","protected":false},"author":1,"featured_media":1238,"comment_status":"closed","ping_status":"closed","sticky":false,"template":"","format":"standard","meta":{"inline_featured_image":false,"footnotes":""},"categories":[11,5],"tags":[],"yoast_head":"<!-- This site is optimized with the Yoast SEO plugin v22.2 - https:\/\/yoast.com\/wordpress\/plugins\/seo\/ -->\n<title>GUILLERMO MART\u00cdNEZ - Panama<\/title>\n<meta name=\"robots\" content=\"index, follow, max-snippet:-1, max-image-preview:large, max-video-preview:-1\" \/>\n<link rel=\"canonical\" href=\"https:\/\/4amsaatchi.com\/panama\/guillermo-martinez\/\" \/>\n<meta property=\"og:locale\" content=\"es_ES\" \/>\n<meta property=\"og:type\" content=\"article\" \/>\n<meta property=\"og:title\" content=\"GUILLERMO MART\u00cdNEZ - Panama\" \/>\n<meta property=\"og:description\" content=\"CEO REGIONAL  &quot;El alem\u00e1n que ense\u00f1a a todos en la agencia&quot;\" \/>\n<meta property=\"og:url\" content=\"https:\/\/4amsaatchi.com\/panama\/guillermo-martinez\/\" \/>\n<meta property=\"og:site_name\" content=\"Panama\" \/>\n<meta property=\"article:published_time\" content=\"2018-05-10T03:00:36+00:00\" \/>\n<meta property=\"article:modified_time\" content=\"2019-03-20T21:26:29+00:00\" \/>\n<meta property=\"og:image\" content=\"https:\/\/4amsaatchi.com\/panama\/wp-content\/uploads\/sites\/8\/2018\/05\/guillermo-2.jpg\" \/>\n\t<meta property=\"og:image:width\" content=\"600\" \/>\n\t<meta property=\"og:image:height\" content=\"600\" \/>\n\t<meta property=\"og:image:type\" content=\"image\/jpeg\" \/>\n<meta name=\"author\" content=\"admin\" \/>\n<meta name=\"twitter:card\" content=\"summary_large_image\" \/>\n<meta name=\"twitter:label1\" content=\"Escrito por\" \/>\n\t<meta name=\"twitter:data1\" content=\"admin\" \/>\n\t<meta name=\"twitter:label2\" content=\"Tiempo de lectura\" \/>\n\t<meta name=\"twitter:data2\" content=\"1 minuto\" \/>\n<script type=\"application\/ld+json\" class=\"yoast-schema-graph\">{\"@context\":\"https:\/\/schema.org\",\"@graph\":[{\"@type\":\"WebPage\",\"@id\":\"https:\/\/4amsaatchi.com\/panama\/guillermo-martinez\/\",\"url\":\"https:\/\/4amsaatchi.com\/panama\/guillermo-martinez\/\",\"name\":\"GUILLERMO MART\u00cdNEZ - Panama\",\"isPartOf\":{\"@id\":\"https:\/\/4amsaatchi.com\/panama\/#website\"},\"primaryImageOfPage\":{\"@id\":\"https:\/\/4amsaatchi.com\/panama\/guillermo-martinez\/#primaryimage\"},\"image\":{\"@id\":\"https:\/\/4amsaatchi.com\/panama\/guillermo-martinez\/#primaryimage\"},\"thumbnailUrl\":\"https:\/\/4amsaatchi.com\/panama\/wp-content\/uploads\/sites\/8\/2018\/05\/guillermo-2.jpg\",\"datePublished\":\"2018-05-10T03:00:36+00:00\",\"dateModified\":\"2019-03-20T21:26:29+00:00\",\"author\":{\"@id\":\"https:\/\/4amsaatchi.com\/panama\/#\/schema\/person\/ad5cd4679722b4f3577b81ca1bb5a496\"},\"breadcrumb\":{\"@id\":\"https:\/\/4amsaatchi.com\/panama\/guillermo-martinez\/#breadcrumb\"},\"inLanguage\":\"es\",\"potentialAction\":[{\"@type\":\"ReadAction\",\"target\":[\"https:\/\/4amsaatchi.com\/panama\/guillermo-martinez\/\"]}]},{\"@type\":\"ImageObject\",\"inLanguage\":\"es\",\"@id\":\"https:\/\/4amsaatchi.com\/panama\/guillermo-martinez\/#primaryimage\",\"url\":\"https:\/\/4amsaatchi.com\/panama\/wp-content\/uploads\/sites\/8\/2018\/05\/guillermo-2.jpg\",\"contentUrl\":\"https:\/\/4amsaatchi.com\/panama\/wp-content\/uploads\/sites\/8\/2018\/05\/guillermo-2.jpg\",\"width\":600,\"height\":600},{\"@type\":\"BreadcrumbList\",\"@id\":\"https:\/\/4amsaatchi.com\/panama\/guillermo-martinez\/#breadcrumb\",\"itemListElement\":[{\"@type\":\"ListItem\",\"position\":1,\"name\":\"Portada\",\"item\":\"https:\/\/4amsaatchi.com\/panama\/\"},{\"@type\":\"ListItem\",\"position\":2,\"name\":\"GUILLERMO MART\u00cdNEZ\"}]},{\"@type\":\"WebSite\",\"@id\":\"https:\/\/4amsaatchi.com\/panama\/#website\",\"url\":\"https:\/\/4amsaatchi.com\/panama\/\",\"name\":\"Panama\",\"description\":\"\",\"potentialAction\":[{\"@type\":\"SearchAction\",\"target\":{\"@type\":\"EntryPoint\",\"urlTemplate\":\"https:\/\/4amsaatchi.com\/panama\/?s={search_term_string}\"},\"query-input\":\"required name=search_term_string\"}],\"inLanguage\":\"es\"},{\"@type\":\"Person\",\"@id\":\"https:\/\/4amsaatchi.com\/panama\/#\/schema\/person\/ad5cd4679722b4f3577b81ca1bb5a496\",\"name\":\"admin\",\"image\":{\"@type\":\"ImageObject\",\"inLanguage\":\"es\",\"@id\":\"https:\/\/4amsaatchi.com\/panama\/#\/schema\/person\/image\/\",\"url\":\"https:\/\/secure.gravatar.com\/avatar\/4f6d5d60315631073e12c15ba5eb86e9?s=96&d=mm&r=g\",\"contentUrl\":\"https:\/\/secure.gravatar.com\/avatar\/4f6d5d60315631073e12c15ba5eb86e9?s=96&d=mm&r=g\",\"caption\":\"admin\"},\"url\":\"https:\/\/4amsaatchi.com\/panama\/author\/admin\/\"}]}<\/script>\n<!-- \/ Yoast SEO plugin. -->","yoast_head_json":{"title":"GUILLERMO MART\u00cdNEZ - Panama","robots":{"index":"index","follow":"follow","max-snippet":"max-snippet:-1","max-image-preview":"max-image-preview:large","max-video-preview":"max-video-preview:-1"},"canonical":"https:\/\/4amsaatchi.com\/panama\/guillermo-martinez\/","og_locale":"es_ES","og_type":"article","og_title":"GUILLERMO MART\u00cdNEZ - Panama","og_description":"CEO REGIONAL  \"El alem\u00e1n que ense\u00f1a a todos en la agencia\"","og_url":"https:\/\/4amsaatchi.com\/panama\/guillermo-martinez\/","og_site_name":"Panama","article_published_time":"2018-05-10T03:00:36+00:00","article_modified_time":"2019-03-20T21:26:29+00:00","og_image":[{"width":600,"height":600,"url":"https:\/\/4amsaatchi.com\/panama\/wp-content\/uploads\/sites\/8\/2018\/05\/guillermo-2.jpg","type":"image\/jpeg"}],"author":"admin","twitter_card":"summary_large_image","twitter_misc":{"Escrito por":"admin","Tiempo de lectura":"1 minuto"},"schema":{"@context":"https:\/\/schema.org","@graph":[{"@type":"WebPage","@id":"https:\/\/4amsaatchi.com\/panama\/guillermo-martinez\/","url":"https:\/\/4amsaatchi.com\/panama\/guillermo-martinez\/","name":"GUILLERMO MART\u00cdNEZ - Panama","isPartOf":{"@id":"https:\/\/4amsaatchi.com\/panama\/#website"},"primaryImageOfPage":{"@id":"https:\/\/4amsaatchi.com\/panama\/guillermo-martinez\/#primaryimage"},"image":{"@id":"https:\/\/4amsaatchi.com\/panama\/guillermo-martinez\/#primaryimage"},"thumbnailUrl":"https:\/\/4amsaatchi.com\/panama\/wp-content\/uploads\/sites\/8\/2018\/05\/guillermo-2.jpg","datePublished":"2018-05-10T03:00:36+00:00","dateModified":"2019-03-20T21:26:29+00:00","author":{"@id":"https:\/\/4amsaatchi.com\/panama\/#\/schema\/person\/ad5cd4679722b4f3577b81ca1bb5a496"},"breadcrumb":{"@id":"https:\/\/4amsaatchi.com\/panama\/guillermo-martinez\/#breadcrumb"},"inLanguage":"es","potentialAction":[{"@type":"ReadAction","target":["https:\/\/4amsaatchi.com\/panama\/guillermo-martinez\/"]}]},{"@type":"ImageObject","inLanguage":"es","@id":"https:\/\/4amsaatchi.com\/panama\/guillermo-martinez\/#primaryimage","url":"https:\/\/4amsaatchi.com\/panama\/wp-content\/uploads\/sites\/8\/2018\/05\/guillermo-2.jpg","contentUrl":"https:\/\/4amsaatchi.com\/panama\/wp-content\/uploads\/sites\/8\/2018\/05\/guillermo-2.jpg","width":600,"height":600},{"@type":"BreadcrumbList","@id":"https:\/\/4amsaatchi.com\/panama\/guillermo-martinez\/#breadcrumb","itemListElement":[{"@type":"ListItem","position":1,"name":"Portada","item":"https:\/\/4amsaatchi.com\/panama\/"},{"@type":"ListItem","position":2,"name":"GUILLERMO MART\u00cdNEZ"}]},{"@type":"WebSite","@id":"https:\/\/4amsaatchi.com\/panama\/#website","url":"https:\/\/4amsaatchi.com\/panama\/","name":"Panama","description":"","potentialAction":[{"@type":"SearchAction","target":{"@type":"EntryPoint","urlTemplate":"https:\/\/4amsaatchi.com\/panama\/?s={search_term_string}"},"query-input":"required name=search_term_string"}],"inLanguage":"es"},{"@type":"Person","@id":"https:\/\/4amsaatchi.com\/panama\/#\/schema\/person\/ad5cd4679722b4f3577b81ca1bb5a496","name":"admin","image":{"@type":"ImageObject","inLanguage":"es","@id":"https:\/\/4amsaatchi.com\/panama\/#\/schema\/person\/image\/","url":"https:\/\/secure.gravatar.com\/avatar\/4f6d5d60315631073e12c15ba5eb86e9?s=96&d=mm&r=g","contentUrl":"https:\/\/secure.gravatar.com\/avatar\/4f6d5d60315631073e12c15ba5eb86e9?s=96&d=mm&r=g","caption":"admin"},"url":"https:\/\/4amsaatchi.com\/panama\/author\/admin\/"}]}},"jetpack_featured_media_url":"https:\/\/4amsaatchi.com\/panama\/wp-content\/uploads\/sites\/8\/2018\/05\/guillermo-2.jpg","_links":{"self":[{"href":"https:\/\/4amsaatchi.com\/panama\/wp-json\/wp\/v2\/posts\/288"}],"collection":[{"href":"https:\/\/4amsaatchi.com\/panama\/wp-json\/wp\/v2\/posts"}],"about":[{"href":"https:\/\/4amsaatchi.com\/panama\/wp-json\/wp\/v2\/types\/post"}],"author":[{"embeddable":true,"href":"https:\/\/4amsaatchi.com\/panama\/wp-json\/wp\/v2\/users\/1"}],"replies":[{"embeddable":true,"href":"https:\/\/4amsaatchi.com\/panama\/wp-json\/wp\/v2\/comments?post=288"}],"version-history":[{"count":9,"href":"https:\/\/4amsaatchi.com\/panama\/wp-json\/wp\/v2\/posts\/288\/revisions"}],"predecessor-version":[{"id":1237,"href":"https:\/\/4amsaatchi.com\/panama\/wp-json\/wp\/v2\/posts\/288\/revisions\/1237"}],"wp:featuredmedia":[{"embeddable":true,"href":"https:\/\/4amsaatchi.com\/panama\/wp-json\/wp\/v2\/media\/1238"}],"wp:attachment":[{"href":"https:\/\/4amsaatchi.com\/panama\/wp-json\/wp\/v2\/media?parent=288"}],"wp:term":[{"taxonomy":"category","embeddable":true,"href":"https:\/\/4amsaatchi.com\/panama\/wp-json\/wp\/v2\/categories?post=288"},{"taxonomy":"post_tag","embeddable":true,"href":"https:\/\/4amsaatchi.com\/panama\/wp-json\/wp\/v2\/tags?post=288"}],"curies":[{"name":"wp","href":"https:\/\/api.w.org\/{rel}","templated":true}]}}