{"id":685,"date":"2018-05-22T20:19:02","date_gmt":"2018-05-22T20:19:02","guid":{"rendered":"https:\/\/4amsaatchi.com\/?p=685"},"modified":"2024-05-10T22:17:58","modified_gmt":"2024-05-10T22:17:58","slug":"irene-esquivel","status":"publish","type":"post","link":"https:\/\/4amsaatchi.com\/costarica\/irene-esquivel\/","title":{"rendered":"IRENE ESQUIVEL"},"content":{"rendered":"<div class=\"mp-row-fluid motopress-row mp-row-fullwidth mpce-prvt-197-5af36faf161a8 mpce-dsbl-margin-left mpce-dsbl-margin-right\">\n<div class=\"motopress-clmn mp-span12  mpce-dsbl-margin-left mpce-dsbl-margin-right\">\n<div class=\"mp-row-fluid motopress-row mpce-dsbl-margin-left mpce-dsbl-margin-right\">\n<div class=\"motopress-clmn mp-span12 mpce-dsbl-margin-left mpce-dsbl-margin-right\">\n<div class=\"motopress-code-obj\">\n<div class=\"col-md-4 col-sm-6 col-xs-12\">\n<p><img loading=\"lazy\" decoding=\"async\" class=\"foto-persona alignnone wp-image-677 size-full\" src=\"https:\/\/4amsaatchi.com\/costarica\/wp-content\/uploads\/sites\/4\/2018\/05\/Irene-Fondo-Blanco-1.png\" alt=\"\" width=\"600\" height=\"600\" \/><\/p>\n<\/div>\n<div class=\"col-md-8 col-sm-6 col-xs-12\">\n<h2 class=\"titulo-persona\">IRENE ESQUIVEL<\/h2>\n<p class=\"cargo-persona\">Medios<\/p>\n<p class=\"parrafos-personas\">Su carrera de 20 a\u00f1os ha sido desarrollada en medios de comunicaci\u00f3n, donde trabaj\u00f3 en agencias reconocidas como ejecutiva de medios, posteriormente como directora para luego gerenciar por 10 a\u00f1os, varios departamentos de ventas de publicidad en el principal grupo de medios del pa\u00eds. Actualmente se desempe\u00f1a como subgerente y directora de medios en 4am Saatchi &amp; Saatchi Costa Rica. Su formaci\u00f3n acad\u00e9mica incluye un bachillerato en Publicidad, el Programa de Alta Direcci\u00f3n y multiples seminarios en Coaching, Ventas y Marketing.<\/p>\n<\/div>\n<\/div>\n<\/div>\n<\/div>\n<div class=\"mp-row-fluid motopress-row mpce-dsbl-margin-left mpce-dsbl-margin-right\">\n<div class=\"motopress-clmn mp-span12 mpce-dsbl-margin-left mpce-dsbl-margin-right  motopress-space\">\n<div class=\"motopress-space-obj mpce-dsbl-background-image-type mpce-dsbl-background-image mpce-dsbl-background-gradient mpce-dsbl-background-position mpce-dsbl-background-position-x mpce-dsbl-background-position-y mpce-dsbl-background-repeat mpce-dsbl-background-size mpce-dsbl-background-attachment mpce-dsbl-margin-left mpce-dsbl-margin-right mpce-dsbl-background-color mpce-dsbl-border-top-width mpce-dsbl-border-bottom-width mpce-dsbl-border-left-width mpce-dsbl-border-right-width mpce-dsbl-border-top-left-radius mpce-dsbl-border-top-right-radius mpce-dsbl-border-bottom-left-radius mpce-dsbl-border-bottom-right-radius mpce-dsbl-border-style mpce-dsbl-border-color mpce-dsbl-padding-left mpce-dsbl-padding-right mpce-dsbl-margin-top mpce-dsbl-margin-bottom mpce-dsbl-color motopress-margin-top-25\"  data-min-height=\"0\"><div><\/div><\/div>\n<\/div>\n<\/div>\n<\/div>\n<\/div>\n","protected":false},"excerpt":{"rendered":"MEDIOS\r\n<div class=\"line-center\"><\/div>\r\n<p class=\"texto-team-dos\">Costa Rica<\/p>\r\n","protected":false},"author":3,"featured_media":1665,"comment_status":"open","ping_status":"open","sticky":false,"template":"","format":"standard","meta":{"inline_featured_image":false,"footnotes":""},"categories":[8,5],"tags":[],"yoast_head":"<!-- This site is optimized with the Yoast SEO plugin v22.2 - https:\/\/yoast.com\/wordpress\/plugins\/seo\/ -->\n<title>IRENE ESQUIVEL - Costa Rica<\/title>\n<meta name=\"robots\" content=\"index, follow, max-snippet:-1, max-image-preview:large, max-video-preview:-1\" \/>\n<link rel=\"canonical\" href=\"https:\/\/4amsaatchi.com\/costarica\/irene-esquivel\/\" \/>\n<meta property=\"og:locale\" content=\"es_ES\" \/>\n<meta property=\"og:type\" content=\"article\" \/>\n<meta property=\"og:title\" content=\"IRENE ESQUIVEL - Costa Rica\" \/>\n<meta property=\"og:description\" content=\"MEDIOS  Costa Rica\" \/>\n<meta property=\"og:url\" content=\"https:\/\/4amsaatchi.com\/costarica\/irene-esquivel\/\" \/>\n<meta property=\"og:site_name\" content=\"Costa Rica\" \/>\n<meta property=\"article:published_time\" content=\"2018-05-22T20:19:02+00:00\" \/>\n<meta property=\"article:modified_time\" content=\"2024-05-10T22:17:58+00:00\" \/>\n<meta property=\"og:image\" content=\"https:\/\/4amsaatchi.com\/costarica\/wp-content\/uploads\/sites\/4\/2018\/05\/Irene-Fondo-Blanco-1.png\" \/>\n\t<meta property=\"og:image:width\" content=\"1232\" \/>\n\t<meta property=\"og:image:height\" content=\"1650\" \/>\n\t<meta property=\"og:image:type\" content=\"image\/png\" \/>\n<meta name=\"author\" content=\"Yadurani Lopez\" \/>\n<meta name=\"twitter:card\" content=\"summary_large_image\" \/>\n<meta name=\"twitter:label1\" content=\"Escrito por\" \/>\n\t<meta name=\"twitter:data1\" content=\"Yadurani Lopez\" \/>\n<script type=\"application\/ld+json\" class=\"yoast-schema-graph\">{\"@context\":\"https:\/\/schema.org\",\"@graph\":[{\"@type\":\"WebPage\",\"@id\":\"https:\/\/4amsaatchi.com\/costarica\/irene-esquivel\/\",\"url\":\"https:\/\/4amsaatchi.com\/costarica\/irene-esquivel\/\",\"name\":\"IRENE ESQUIVEL - Costa Rica\",\"isPartOf\":{\"@id\":\"https:\/\/4amsaatchi.com\/costarica\/#website\"},\"primaryImageOfPage\":{\"@id\":\"https:\/\/4amsaatchi.com\/costarica\/irene-esquivel\/#primaryimage\"},\"image\":{\"@id\":\"https:\/\/4amsaatchi.com\/costarica\/irene-esquivel\/#primaryimage\"},\"thumbnailUrl\":\"https:\/\/4amsaatchi.com\/costarica\/wp-content\/uploads\/sites\/4\/2018\/05\/Irene-Fondo-Blanco-1.png\",\"datePublished\":\"2018-05-22T20:19:02+00:00\",\"dateModified\":\"2024-05-10T22:17:58+00:00\",\"author\":{\"@id\":\"https:\/\/4amsaatchi.com\/costarica\/#\/schema\/person\/8b6aa7b9d0be65d53c5f14c01dd8764a\"},\"breadcrumb\":{\"@id\":\"https:\/\/4amsaatchi.com\/costarica\/irene-esquivel\/#breadcrumb\"},\"inLanguage\":\"es\",\"potentialAction\":[{\"@type\":\"ReadAction\",\"target\":[\"https:\/\/4amsaatchi.com\/costarica\/irene-esquivel\/\"]}]},{\"@type\":\"ImageObject\",\"inLanguage\":\"es\",\"@id\":\"https:\/\/4amsaatchi.com\/costarica\/irene-esquivel\/#primaryimage\",\"url\":\"https:\/\/4amsaatchi.com\/costarica\/wp-content\/uploads\/sites\/4\/2018\/05\/Irene-Fondo-Blanco-1.png\",\"contentUrl\":\"https:\/\/4amsaatchi.com\/costarica\/wp-content\/uploads\/sites\/4\/2018\/05\/Irene-Fondo-Blanco-1.png\",\"width\":1232,\"height\":1650},{\"@type\":\"BreadcrumbList\",\"@id\":\"https:\/\/4amsaatchi.com\/costarica\/irene-esquivel\/#breadcrumb\",\"itemListElement\":[{\"@type\":\"ListItem\",\"position\":1,\"name\":\"Portada\",\"item\":\"https:\/\/4amsaatchi.com\/costarica\/\"},{\"@type\":\"ListItem\",\"position\":2,\"name\":\"IRENE ESQUIVEL\"}]},{\"@type\":\"WebSite\",\"@id\":\"https:\/\/4amsaatchi.com\/costarica\/#website\",\"url\":\"https:\/\/4amsaatchi.com\/costarica\/\",\"name\":\"Costa Rica\",\"description\":\"\",\"potentialAction\":[{\"@type\":\"SearchAction\",\"target\":{\"@type\":\"EntryPoint\",\"urlTemplate\":\"https:\/\/4amsaatchi.com\/costarica\/?s={search_term_string}\"},\"query-input\":\"required name=search_term_string\"}],\"inLanguage\":\"es\"},{\"@type\":\"Person\",\"@id\":\"https:\/\/4amsaatchi.com\/costarica\/#\/schema\/person\/8b6aa7b9d0be65d53c5f14c01dd8764a\",\"name\":\"Yadurani Lopez\",\"image\":{\"@type\":\"ImageObject\",\"inLanguage\":\"es\",\"@id\":\"https:\/\/4amsaatchi.com\/costarica\/#\/schema\/person\/image\/\",\"url\":\"https:\/\/secure.gravatar.com\/avatar\/0ede2e140fe4958b3b9a79ba686b201a?s=96&d=mm&r=g\",\"contentUrl\":\"https:\/\/secure.gravatar.com\/avatar\/0ede2e140fe4958b3b9a79ba686b201a?s=96&d=mm&r=g\",\"caption\":\"Yadurani Lopez\"},\"url\":\"https:\/\/4amsaatchi.com\/costarica\/author\/yayalopez\/\"}]}<\/script>\n<!-- \/ Yoast SEO plugin. -->","yoast_head_json":{"title":"IRENE ESQUIVEL - Costa Rica","robots":{"index":"index","follow":"follow","max-snippet":"max-snippet:-1","max-image-preview":"max-image-preview:large","max-video-preview":"max-video-preview:-1"},"canonical":"https:\/\/4amsaatchi.com\/costarica\/irene-esquivel\/","og_locale":"es_ES","og_type":"article","og_title":"IRENE ESQUIVEL - Costa Rica","og_description":"MEDIOS  Costa Rica","og_url":"https:\/\/4amsaatchi.com\/costarica\/irene-esquivel\/","og_site_name":"Costa Rica","article_published_time":"2018-05-22T20:19:02+00:00","article_modified_time":"2024-05-10T22:17:58+00:00","og_image":[{"width":1232,"height":1650,"url":"https:\/\/4amsaatchi.com\/costarica\/wp-content\/uploads\/sites\/4\/2018\/05\/Irene-Fondo-Blanco-1.png","type":"image\/png"}],"author":"Yadurani Lopez","twitter_card":"summary_large_image","twitter_misc":{"Escrito por":"Yadurani Lopez"},"schema":{"@context":"https:\/\/schema.org","@graph":[{"@type":"WebPage","@id":"https:\/\/4amsaatchi.com\/costarica\/irene-esquivel\/","url":"https:\/\/4amsaatchi.com\/costarica\/irene-esquivel\/","name":"IRENE ESQUIVEL - Costa Rica","isPartOf":{"@id":"https:\/\/4amsaatchi.com\/costarica\/#website"},"primaryImageOfPage":{"@id":"https:\/\/4amsaatchi.com\/costarica\/irene-esquivel\/#primaryimage"},"image":{"@id":"https:\/\/4amsaatchi.com\/costarica\/irene-esquivel\/#primaryimage"},"thumbnailUrl":"https:\/\/4amsaatchi.com\/costarica\/wp-content\/uploads\/sites\/4\/2018\/05\/Irene-Fondo-Blanco-1.png","datePublished":"2018-05-22T20:19:02+00:00","dateModified":"2024-05-10T22:17:58+00:00","author":{"@id":"https:\/\/4amsaatchi.com\/costarica\/#\/schema\/person\/8b6aa7b9d0be65d53c5f14c01dd8764a"},"breadcrumb":{"@id":"https:\/\/4amsaatchi.com\/costarica\/irene-esquivel\/#breadcrumb"},"inLanguage":"es","potentialAction":[{"@type":"ReadAction","target":["https:\/\/4amsaatchi.com\/costarica\/irene-esquivel\/"]}]},{"@type":"ImageObject","inLanguage":"es","@id":"https:\/\/4amsaatchi.com\/costarica\/irene-esquivel\/#primaryimage","url":"https:\/\/4amsaatchi.com\/costarica\/wp-content\/uploads\/sites\/4\/2018\/05\/Irene-Fondo-Blanco-1.png","contentUrl":"https:\/\/4amsaatchi.com\/costarica\/wp-content\/uploads\/sites\/4\/2018\/05\/Irene-Fondo-Blanco-1.png","width":1232,"height":1650},{"@type":"BreadcrumbList","@id":"https:\/\/4amsaatchi.com\/costarica\/irene-esquivel\/#breadcrumb","itemListElement":[{"@type":"ListItem","position":1,"name":"Portada","item":"https:\/\/4amsaatchi.com\/costarica\/"},{"@type":"ListItem","position":2,"name":"IRENE ESQUIVEL"}]},{"@type":"WebSite","@id":"https:\/\/4amsaatchi.com\/costarica\/#website","url":"https:\/\/4amsaatchi.com\/costarica\/","name":"Costa Rica","description":"","potentialAction":[{"@type":"SearchAction","target":{"@type":"EntryPoint","urlTemplate":"https:\/\/4amsaatchi.com\/costarica\/?s={search_term_string}"},"query-input":"required name=search_term_string"}],"inLanguage":"es"},{"@type":"Person","@id":"https:\/\/4amsaatchi.com\/costarica\/#\/schema\/person\/8b6aa7b9d0be65d53c5f14c01dd8764a","name":"Yadurani Lopez","image":{"@type":"ImageObject","inLanguage":"es","@id":"https:\/\/4amsaatchi.com\/costarica\/#\/schema\/person\/image\/","url":"https:\/\/secure.gravatar.com\/avatar\/0ede2e140fe4958b3b9a79ba686b201a?s=96&d=mm&r=g","contentUrl":"https:\/\/secure.gravatar.com\/avatar\/0ede2e140fe4958b3b9a79ba686b201a?s=96&d=mm&r=g","caption":"Yadurani Lopez"},"url":"https:\/\/4amsaatchi.com\/costarica\/author\/yayalopez\/"}]}},"jetpack_featured_media_url":"https:\/\/4amsaatchi.com\/costarica\/wp-content\/uploads\/sites\/4\/2018\/05\/Irene-Fondo-Blanco-1.png","_links":{"self":[{"href":"https:\/\/4amsaatchi.com\/costarica\/wp-json\/wp\/v2\/posts\/685"}],"collection":[{"href":"https:\/\/4amsaatchi.com\/costarica\/wp-json\/wp\/v2\/posts"}],"about":[{"href":"https:\/\/4amsaatchi.com\/costarica\/wp-json\/wp\/v2\/types\/post"}],"author":[{"embeddable":true,"href":"https:\/\/4amsaatchi.com\/costarica\/wp-json\/wp\/v2\/users\/3"}],"replies":[{"embeddable":true,"href":"https:\/\/4amsaatchi.com\/costarica\/wp-json\/wp\/v2\/comments?post=685"}],"version-history":[{"count":4,"href":"https:\/\/4amsaatchi.com\/costarica\/wp-json\/wp\/v2\/posts\/685\/revisions"}],"predecessor-version":[{"id":1667,"href":"https:\/\/4amsaatchi.com\/costarica\/wp-json\/wp\/v2\/posts\/685\/revisions\/1667"}],"wp:featuredmedia":[{"embeddable":true,"href":"https:\/\/4amsaatchi.com\/costarica\/wp-json\/wp\/v2\/media\/1665"}],"wp:attachment":[{"href":"https:\/\/4amsaatchi.com\/costarica\/wp-json\/wp\/v2\/media?parent=685"}],"wp:term":[{"taxonomy":"category","embeddable":true,"href":"https:\/\/4amsaatchi.com\/costarica\/wp-json\/wp\/v2\/categories?post=685"},{"taxonomy":"post_tag","embeddable":true,"href":"https:\/\/4amsaatchi.com\/costarica\/wp-json\/wp\/v2\/tags?post=685"}],"curies":[{"name":"wp","href":"https:\/\/api.w.org\/{rel}","templated":true}]}}