{"id":635,"date":"2018-05-10T08:00:19","date_gmt":"2018-05-10T08:00:19","guid":{"rendered":"https:\/\/4amsaatchi.com\/?p=635"},"modified":"2018-06-29T19:30:39","modified_gmt":"2018-06-29T19:30:39","slug":"luis-gutierrez-payo","status":"publish","type":"post","link":"https:\/\/4amsaatchi.com\/costarica\/luis-gutierrez-payo\/","title":{"rendered":"LUIS GUTI\u00c9RREZ \u201cPAYO\u201d"},"content":{"rendered":"<div class=\"mp-row-fluid motopress-row mp-row-fullwidth mpce-prvt-197-5af36faf161a8 mpce-dsbl-margin-left mpce-dsbl-margin-right\">\n<div class=\"motopress-clmn mp-span12  mpce-dsbl-margin-left mpce-dsbl-margin-right\">\n<div class=\"mp-row-fluid motopress-row mpce-dsbl-margin-left mpce-dsbl-margin-right\">\n<div class=\"motopress-clmn mp-span12 mpce-dsbl-margin-left mpce-dsbl-margin-right\">\n<div class=\"motopress-code-obj\">\n<div class=\"col-md-4 col-sm-6 col-xs-12\">\n<p><img loading=\"lazy\" decoding=\"async\" class=\"foto-persona alignnone wp-image-359 size-full\" src=\"https:\/\/4amsaatchi.com\/wp-content\/uploads\/sites\/4\/2018\/05\/fotopersona2.png\" alt=\"\" width=\"533\" height=\"533\" srcset=\"https:\/\/4amsaatchi.com\/costarica\/wp-content\/uploads\/sites\/4\/2018\/05\/fotopersona2.png 533w, https:\/\/4amsaatchi.com\/costarica\/wp-content\/uploads\/sites\/4\/2018\/05\/fotopersona2-150x150.png 150w, https:\/\/4amsaatchi.com\/costarica\/wp-content\/uploads\/sites\/4\/2018\/05\/fotopersona2-300x300.png 300w, https:\/\/4amsaatchi.com\/costarica\/wp-content\/uploads\/sites\/4\/2018\/05\/fotopersona2-100x100.png 100w\" sizes=\"(max-width: 533px) 100vw, 533px\" \/><\/p>\n<\/div>\n<div class=\"col-md-8 col-sm-6 col-xs-12\">\n<h2 class=\"titulo-persona\">LUIS GUTI\u00c9RREZ \u201cPAYO\u201d<\/h2>\n<p class=\"cargo-persona\">Jefe de An\u00e1lisis de Datos<\/p>\n<p class=\"parrafos-personas\">Es administrador de Empresas de la Universidad Galileo, su hobbie principal es el f\u00fatbol disfruta mucho verlo y jugarlo, adem\u00e1s tiene afici\u00f3n por la m\u00fasica electr\u00f3nica.<\/p>\n<p class=\"parrafos-personas\">Si hablamos de su vida profesional podemos decir que empez\u00f3 a sus 21 a\u00f1os cuando vio la necesidad de buscar un trabajo que le permitiera desarrollarse y hacer una carrera porque a pesar de su juventud ya quer\u00eda comenzar a construirse un futuro.<\/p>\n<p class=\"parrafos-personas\">En ese proceso entr\u00f3 a laborar en una primera agencia donde al involucrarse m\u00e1s entendi\u00f3 que hab\u00eda escogido un camino donde las ideas no tienen l\u00edmites.<\/p>\n<p class=\"parrafos-personas\">Luego experiment\u00f3 en el \u00e1rea de medios ATL pero en su ser surgi\u00f3 la necesidad de volver a lo digital, y gracias a 4am Saatchi esta puerta se le abri\u00f3 convirti\u00e9ndose en un lugar lleno de retos, experiencias o como Luis lo denomina mejor \u201cun hogar\u201d que le ha permitido crecer personal y profesionalmente.<\/p>\n<p class=\"parrafos-personas\">Luis es Jefe de Data Analysis y junto con su equipo tiene la tarea de entender a profundidad a las personas, no solo sus gustos sino sus sentimientos ante una marca y\/o producto. Por ende, una de sus metas principales es llevar a la unidad a otro nivel y permitir que otros compa\u00f1eros al igual que \u00e9l puedan desarrollarse y hacer tambi\u00e9n de Saatchi su hogar.<\/p>\n<p class=\"parrafos-personas\">Su frase predilecta es: \u201cEl mundo cambia y con ellos los consumidores, por eso tenemos el reto de saber c\u00f3mo y d\u00f3nde impactarlos, esa es una de las cosas m\u00e1s bonitas de esta carrera\u201d.<\/p>\n<\/div>\n<\/div>\n<\/div>\n<\/div>\n<div class=\"mp-row-fluid motopress-row mpce-dsbl-margin-left mpce-dsbl-margin-right\">\n<div class=\"motopress-clmn mp-span12 mpce-dsbl-margin-left mpce-dsbl-margin-right  motopress-space\">\n<div class=\"motopress-space-obj mpce-dsbl-background-image-type mpce-dsbl-background-image mpce-dsbl-background-gradient mpce-dsbl-background-position mpce-dsbl-background-position-x mpce-dsbl-background-position-y mpce-dsbl-background-repeat mpce-dsbl-background-size mpce-dsbl-background-attachment mpce-dsbl-margin-left mpce-dsbl-margin-right mpce-dsbl-background-color mpce-dsbl-border-top-width mpce-dsbl-border-bottom-width mpce-dsbl-border-left-width mpce-dsbl-border-right-width mpce-dsbl-border-top-left-radius mpce-dsbl-border-top-right-radius mpce-dsbl-border-bottom-left-radius mpce-dsbl-border-bottom-right-radius mpce-dsbl-border-style mpce-dsbl-border-color mpce-dsbl-padding-left mpce-dsbl-padding-right mpce-dsbl-margin-top mpce-dsbl-margin-bottom mpce-dsbl-color motopress-margin-top-25\"  data-min-height=\"0\"><div><\/div><\/div>\n<\/div>\n<\/div>\n<\/div>\n<\/div>\n","protected":false},"excerpt":{"rendered":"JEFE DE AN\u00c1LISIS DE DATOS\r\n<div class=\"line-center\"><\/div>\r\n<p class=\"texto-team-dos\">\u00abJam\u00e1s se estresa\u00bb<\/p>","protected":false},"author":1,"featured_media":625,"comment_status":"open","ping_status":"open","sticky":false,"template":"","format":"standard","meta":{"inline_featured_image":false,"footnotes":""},"categories":[7,5],"tags":[],"yoast_head":"<!-- This site is optimized with the Yoast SEO plugin v22.2 - https:\/\/yoast.com\/wordpress\/plugins\/seo\/ -->\n<title>LUIS GUTI\u00c9RREZ \u201cPAYO\u201d - Costa Rica<\/title>\n<meta name=\"robots\" content=\"index, follow, max-snippet:-1, max-image-preview:large, max-video-preview:-1\" \/>\n<link rel=\"canonical\" href=\"https:\/\/4amsaatchi.com\/costarica\/luis-gutierrez-payo\/\" \/>\n<meta property=\"og:locale\" content=\"es_ES\" \/>\n<meta property=\"og:type\" content=\"article\" \/>\n<meta property=\"og:title\" content=\"LUIS GUTI\u00c9RREZ \u201cPAYO\u201d - Costa Rica\" \/>\n<meta property=\"og:description\" content=\"JEFE DE AN\u00c1LISIS DE DATOS  &quot;Jam\u00e1s se estresa&quot;\" \/>\n<meta property=\"og:url\" content=\"https:\/\/4amsaatchi.com\/costarica\/luis-gutierrez-payo\/\" \/>\n<meta property=\"og:site_name\" content=\"Costa Rica\" \/>\n<meta property=\"article:published_time\" content=\"2018-05-10T08:00:19+00:00\" \/>\n<meta property=\"article:modified_time\" content=\"2018-06-29T19:30:39+00:00\" \/>\n<meta property=\"og:image\" content=\"https:\/\/4amsaatchi.com\/costarica\/wp-content\/uploads\/sites\/4\/2018\/05\/perfiles.jpg\" \/>\n\t<meta property=\"og:image:width\" content=\"600\" \/>\n\t<meta property=\"og:image:height\" content=\"600\" \/>\n\t<meta property=\"og:image:type\" content=\"image\/jpeg\" \/>\n<meta name=\"author\" content=\"admin\" \/>\n<meta name=\"twitter:card\" content=\"summary_large_image\" \/>\n<meta name=\"twitter:label1\" content=\"Escrito por\" \/>\n\t<meta name=\"twitter:data1\" content=\"admin\" \/>\n\t<meta name=\"twitter:label2\" content=\"Tiempo de lectura\" \/>\n\t<meta name=\"twitter:data2\" content=\"1 minuto\" \/>\n<script type=\"application\/ld+json\" class=\"yoast-schema-graph\">{\"@context\":\"https:\/\/schema.org\",\"@graph\":[{\"@type\":\"WebPage\",\"@id\":\"https:\/\/4amsaatchi.com\/costarica\/luis-gutierrez-payo\/\",\"url\":\"https:\/\/4amsaatchi.com\/costarica\/luis-gutierrez-payo\/\",\"name\":\"LUIS GUTI\u00c9RREZ \u201cPAYO\u201d - Costa Rica\",\"isPartOf\":{\"@id\":\"https:\/\/4amsaatchi.com\/costarica\/#website\"},\"primaryImageOfPage\":{\"@id\":\"https:\/\/4amsaatchi.com\/costarica\/luis-gutierrez-payo\/#primaryimage\"},\"image\":{\"@id\":\"https:\/\/4amsaatchi.com\/costarica\/luis-gutierrez-payo\/#primaryimage\"},\"thumbnailUrl\":\"https:\/\/4amsaatchi.com\/costarica\/wp-content\/uploads\/sites\/4\/2018\/05\/perfiles.jpg\",\"datePublished\":\"2018-05-10T08:00:19+00:00\",\"dateModified\":\"2018-06-29T19:30:39+00:00\",\"author\":{\"@id\":\"https:\/\/4amsaatchi.com\/costarica\/#\/schema\/person\/ad5cd4679722b4f3577b81ca1bb5a496\"},\"breadcrumb\":{\"@id\":\"https:\/\/4amsaatchi.com\/costarica\/luis-gutierrez-payo\/#breadcrumb\"},\"inLanguage\":\"es\",\"potentialAction\":[{\"@type\":\"ReadAction\",\"target\":[\"https:\/\/4amsaatchi.com\/costarica\/luis-gutierrez-payo\/\"]}]},{\"@type\":\"ImageObject\",\"inLanguage\":\"es\",\"@id\":\"https:\/\/4amsaatchi.com\/costarica\/luis-gutierrez-payo\/#primaryimage\",\"url\":\"https:\/\/4amsaatchi.com\/costarica\/wp-content\/uploads\/sites\/4\/2018\/05\/perfiles.jpg\",\"contentUrl\":\"https:\/\/4amsaatchi.com\/costarica\/wp-content\/uploads\/sites\/4\/2018\/05\/perfiles.jpg\",\"width\":600,\"height\":600},{\"@type\":\"BreadcrumbList\",\"@id\":\"https:\/\/4amsaatchi.com\/costarica\/luis-gutierrez-payo\/#breadcrumb\",\"itemListElement\":[{\"@type\":\"ListItem\",\"position\":1,\"name\":\"Portada\",\"item\":\"https:\/\/4amsaatchi.com\/costarica\/\"},{\"@type\":\"ListItem\",\"position\":2,\"name\":\"LUIS GUTI\u00c9RREZ \u201cPAYO\u201d\"}]},{\"@type\":\"WebSite\",\"@id\":\"https:\/\/4amsaatchi.com\/costarica\/#website\",\"url\":\"https:\/\/4amsaatchi.com\/costarica\/\",\"name\":\"Costa Rica\",\"description\":\"\",\"potentialAction\":[{\"@type\":\"SearchAction\",\"target\":{\"@type\":\"EntryPoint\",\"urlTemplate\":\"https:\/\/4amsaatchi.com\/costarica\/?s={search_term_string}\"},\"query-input\":\"required name=search_term_string\"}],\"inLanguage\":\"es\"},{\"@type\":\"Person\",\"@id\":\"https:\/\/4amsaatchi.com\/costarica\/#\/schema\/person\/ad5cd4679722b4f3577b81ca1bb5a496\",\"name\":\"admin\",\"image\":{\"@type\":\"ImageObject\",\"inLanguage\":\"es\",\"@id\":\"https:\/\/4amsaatchi.com\/costarica\/#\/schema\/person\/image\/\",\"url\":\"https:\/\/secure.gravatar.com\/avatar\/4f6d5d60315631073e12c15ba5eb86e9?s=96&d=mm&r=g\",\"contentUrl\":\"https:\/\/secure.gravatar.com\/avatar\/4f6d5d60315631073e12c15ba5eb86e9?s=96&d=mm&r=g\",\"caption\":\"admin\"},\"url\":\"https:\/\/4amsaatchi.com\/costarica\/author\/admin\/\"}]}<\/script>\n<!-- \/ Yoast SEO plugin. -->","yoast_head_json":{"title":"LUIS GUTI\u00c9RREZ \u201cPAYO\u201d - Costa Rica","robots":{"index":"index","follow":"follow","max-snippet":"max-snippet:-1","max-image-preview":"max-image-preview:large","max-video-preview":"max-video-preview:-1"},"canonical":"https:\/\/4amsaatchi.com\/costarica\/luis-gutierrez-payo\/","og_locale":"es_ES","og_type":"article","og_title":"LUIS GUTI\u00c9RREZ \u201cPAYO\u201d - Costa Rica","og_description":"JEFE DE AN\u00c1LISIS DE DATOS  \"Jam\u00e1s se estresa\"","og_url":"https:\/\/4amsaatchi.com\/costarica\/luis-gutierrez-payo\/","og_site_name":"Costa Rica","article_published_time":"2018-05-10T08:00:19+00:00","article_modified_time":"2018-06-29T19:30:39+00:00","og_image":[{"width":600,"height":600,"url":"https:\/\/4amsaatchi.com\/costarica\/wp-content\/uploads\/sites\/4\/2018\/05\/perfiles.jpg","type":"image\/jpeg"}],"author":"admin","twitter_card":"summary_large_image","twitter_misc":{"Escrito por":"admin","Tiempo de lectura":"1 minuto"},"schema":{"@context":"https:\/\/schema.org","@graph":[{"@type":"WebPage","@id":"https:\/\/4amsaatchi.com\/costarica\/luis-gutierrez-payo\/","url":"https:\/\/4amsaatchi.com\/costarica\/luis-gutierrez-payo\/","name":"LUIS GUTI\u00c9RREZ \u201cPAYO\u201d - Costa Rica","isPartOf":{"@id":"https:\/\/4amsaatchi.com\/costarica\/#website"},"primaryImageOfPage":{"@id":"https:\/\/4amsaatchi.com\/costarica\/luis-gutierrez-payo\/#primaryimage"},"image":{"@id":"https:\/\/4amsaatchi.com\/costarica\/luis-gutierrez-payo\/#primaryimage"},"thumbnailUrl":"https:\/\/4amsaatchi.com\/costarica\/wp-content\/uploads\/sites\/4\/2018\/05\/perfiles.jpg","datePublished":"2018-05-10T08:00:19+00:00","dateModified":"2018-06-29T19:30:39+00:00","author":{"@id":"https:\/\/4amsaatchi.com\/costarica\/#\/schema\/person\/ad5cd4679722b4f3577b81ca1bb5a496"},"breadcrumb":{"@id":"https:\/\/4amsaatchi.com\/costarica\/luis-gutierrez-payo\/#breadcrumb"},"inLanguage":"es","potentialAction":[{"@type":"ReadAction","target":["https:\/\/4amsaatchi.com\/costarica\/luis-gutierrez-payo\/"]}]},{"@type":"ImageObject","inLanguage":"es","@id":"https:\/\/4amsaatchi.com\/costarica\/luis-gutierrez-payo\/#primaryimage","url":"https:\/\/4amsaatchi.com\/costarica\/wp-content\/uploads\/sites\/4\/2018\/05\/perfiles.jpg","contentUrl":"https:\/\/4amsaatchi.com\/costarica\/wp-content\/uploads\/sites\/4\/2018\/05\/perfiles.jpg","width":600,"height":600},{"@type":"BreadcrumbList","@id":"https:\/\/4amsaatchi.com\/costarica\/luis-gutierrez-payo\/#breadcrumb","itemListElement":[{"@type":"ListItem","position":1,"name":"Portada","item":"https:\/\/4amsaatchi.com\/costarica\/"},{"@type":"ListItem","position":2,"name":"LUIS GUTI\u00c9RREZ \u201cPAYO\u201d"}]},{"@type":"WebSite","@id":"https:\/\/4amsaatchi.com\/costarica\/#website","url":"https:\/\/4amsaatchi.com\/costarica\/","name":"Costa Rica","description":"","potentialAction":[{"@type":"SearchAction","target":{"@type":"EntryPoint","urlTemplate":"https:\/\/4amsaatchi.com\/costarica\/?s={search_term_string}"},"query-input":"required name=search_term_string"}],"inLanguage":"es"},{"@type":"Person","@id":"https:\/\/4amsaatchi.com\/costarica\/#\/schema\/person\/ad5cd4679722b4f3577b81ca1bb5a496","name":"admin","image":{"@type":"ImageObject","inLanguage":"es","@id":"https:\/\/4amsaatchi.com\/costarica\/#\/schema\/person\/image\/","url":"https:\/\/secure.gravatar.com\/avatar\/4f6d5d60315631073e12c15ba5eb86e9?s=96&d=mm&r=g","contentUrl":"https:\/\/secure.gravatar.com\/avatar\/4f6d5d60315631073e12c15ba5eb86e9?s=96&d=mm&r=g","caption":"admin"},"url":"https:\/\/4amsaatchi.com\/costarica\/author\/admin\/"}]}},"jetpack_featured_media_url":"https:\/\/4amsaatchi.com\/costarica\/wp-content\/uploads\/sites\/4\/2018\/05\/perfiles.jpg","_links":{"self":[{"href":"https:\/\/4amsaatchi.com\/costarica\/wp-json\/wp\/v2\/posts\/635"}],"collection":[{"href":"https:\/\/4amsaatchi.com\/costarica\/wp-json\/wp\/v2\/posts"}],"about":[{"href":"https:\/\/4amsaatchi.com\/costarica\/wp-json\/wp\/v2\/types\/post"}],"author":[{"embeddable":true,"href":"https:\/\/4amsaatchi.com\/costarica\/wp-json\/wp\/v2\/users\/1"}],"replies":[{"embeddable":true,"href":"https:\/\/4amsaatchi.com\/costarica\/wp-json\/wp\/v2\/comments?post=635"}],"version-history":[{"count":4,"href":"https:\/\/4amsaatchi.com\/costarica\/wp-json\/wp\/v2\/posts\/635\/revisions"}],"predecessor-version":[{"id":1336,"href":"https:\/\/4amsaatchi.com\/costarica\/wp-json\/wp\/v2\/posts\/635\/revisions\/1336"}],"wp:featuredmedia":[{"embeddable":true,"href":"https:\/\/4amsaatchi.com\/costarica\/wp-json\/wp\/v2\/media\/625"}],"wp:attachment":[{"href":"https:\/\/4amsaatchi.com\/costarica\/wp-json\/wp\/v2\/media?parent=635"}],"wp:term":[{"taxonomy":"category","embeddable":true,"href":"https:\/\/4amsaatchi.com\/costarica\/wp-json\/wp\/v2\/categories?post=635"},{"taxonomy":"post_tag","embeddable":true,"href":"https:\/\/4amsaatchi.com\/costarica\/wp-json\/wp\/v2\/tags?post=635"}],"curies":[{"name":"wp","href":"https:\/\/api.w.org\/{rel}","templated":true}]}}