{"id":354,"date":"2018-05-10T17:11:34","date_gmt":"2018-05-10T17:11:34","guid":{"rendered":"https:\/\/4amsaatchi.com\/?p=354"},"modified":"2018-05-17T17:20:51","modified_gmt":"2018-05-17T17:20:51","slug":"people-first-las-personas-el-centro-de-las-marcas","status":"publish","type":"post","link":"https:\/\/4amsaatchi.com\/costarica\/people-first-las-personas-el-centro-de-las-marcas\/","title":{"rendered":"PEOPLE FIRST: LAS PERSONAS, EL CENTRO DE LAS MARCAS"},"content":{"rendered":"<div class=\"mp-row-fluid motopress-row mpce-dsbl-margin-left mpce-dsbl-margin-right\">\n<div class=\"motopress-clmn mp-span12  mpce-dsbl-margin-left mpce-dsbl-margin-right\">\n<div class=\"motopress-code-obj motopress-margin-top-25 motopress-margin-bottom-50 parrafos-corridos\">\n<p><strong>Un consumidor no busca un producto o servicio, sino una experiencia. Con <em>People First<\/em> queremos humanizar las marcas poniendo a las personas en el centro de nuestra estrategia para proponerles soluciones a su medida.<\/strong><\/p>\n<p>En una sociedad globalizada donde las bases de datos, las estad\u00edsticas en otras palabras los n\u00fameros hacen parte esencial en la toma de decisiones de las empresas, en <strong>4am Saatchi &amp; Saatchi <\/strong>le apostamos a usarlas interpretando la <strong>DATA<\/strong> pero yendo m\u00e1s all\u00e1 de la representaci\u00f3n num\u00e9rica para centrarnos en las personas, sus necesidades, preocupaciones, sue\u00f1os y hasta sus esperanzas, siendo <em>People First<\/em> la ruta que gu\u00eda nuestro equipo de trabajo que re\u00fane habilidades capaces de <strong>emocionar<\/strong> a la gente con una pieza de comunicaci\u00f3n.<\/p>\n<p>Venimos de<strong> Lovemarks, <\/strong>las personas amaban las marcas y fuimos tendencia a nivel global, pero en el 2016 decidimos saber a profundidad c\u00f3mo se <strong>conectaban<\/strong> con los consumidores as\u00ed que empezamos el proceso de evolucionar nuestra metodolog\u00eda con la finalidad de conocerlos a partir de sus <strong>experiencias,<\/strong> acerc\u00e1ndonos a ellos para descubrir lo que realmente les importa, volviendo al ser humano el centro de nuestros esfuerzos creativos, estrat\u00e9gicos y de innovaci\u00f3n.<\/p>\n<p>Los individuos un d\u00eda se enamoran de un producto, pero al otro quieren reemplazarlo por algo superior o exigen mejoras tecnol\u00f3gicas, por eso, en la agencia trabajamos para entenderlos para consolidar los negocios alrededor de las personas y transformar las marcas a tal punto que la gente se identifique con las mismas haci\u00e9ndolas parte de sus vidas y cotidianidad confiando que ser\u00e1n capaces de <strong>solucionar sus problemas<\/strong>.<\/p>\n<p>En <strong>4AM<\/strong> queremos mantener esa <strong>conexi\u00f3n con el ser humano<\/strong> en un di\u00e1logo constante, honesto y abierto reconociendo sus preferencias a tal punto de desaparecer la incertidumbre, adem\u00e1s estamos listos para los cambios y para adaptarnos a ellos, movi\u00e9ndonos y creciendo con las audiencias, <strong>comprendiendo<\/strong> y encaminando nuestra estrategia de forma coherente con lo que se interact\u00faa, dice y hace.<\/p>\n<p>En conclusi\u00f3n, en la agencia buscamos con ingeniosidad integrar las marcas dentro de las comunidades, <strong>humaniz\u00e1ndolas<\/strong> y generando un inter\u00e9s genuino, nuestro <strong>valor est\u00e1 en las personas<\/strong> para las personas: <em>People First.<\/em><\/p>\n<div>\r\n\r\n\r\n\r\n\r\n\r\n\r\n<div class=\"a2a_kit a2a_kit_size_32 addtoany_list redes-compartir\" data-a2a-url=\"https:\/\/4amsaatchi.com\/costarica\/people-first-las-personas-el-centro-de-las-marcas\/\" style=\"line-height: 32px;\">\r\n    <span>share<\/span>\r\n\r\n    <!-- Facebook Share Button -->\r\n    <a class=\"a2a_button_facebook\" href=\"http:\/\/www.facebook.com\/sharer.php?u=https:\/\/4amsaatchi.com\/costarica\/people-first-las-personas-el-centro-de-las-marcas\/&amp;linknote=\" target=\"_blank\">\r\n        <i class=\"fab fa-facebook-f\"><\/i>\r\n    <\/a>\r\n\r\n    <!-- Twitter Share Button -->\r\n    <a class=\"a2a_button_twitter\" href=\"https:\/\/twitter.com\/share?url=https:\/\/4amsaatchi.com\/costarica\/people-first-las-personas-el-centro-de-las-marcas\/&amp;text=Simple%20Share%20Buttons&amp;hashtags=simplesharebuttons\" target=\"_blank\">\r\n        <i class=\"fab fa-twitter\"><\/i>\r\n    <\/a>\r\n\r\n    <!-- LinkedIn Share Button -->\r\n    <a class=\"a2a_button_linkedin\" href=\"http:\/\/www.linkedin.com\/shareArticle?mini=true&amp;url=https:\/\/4amsaatchi.com\/costarica\/people-first-las-personas-el-centro-de-las-marcas\/\" target=\"_blank\">\r\n        <i class=\"fab fa-linkedin-in\"><\/i>\r\n    <\/a>\r\n<\/div>\r\n<\/div>\n<\/div>\n<\/div>\n<\/div>\n","protected":false},"excerpt":{"rendered":"Un consumidor no busca un producto o servicio, sino una experiencia. Con People First queremos humanizar las marcas poniendo a las personas en el centro de nuestra estrategia para proponerles soluciones a su medida&#8230;.","protected":false},"author":1,"featured_media":269,"comment_status":"open","ping_status":"open","sticky":false,"template":"","format":"standard","meta":{"inline_featured_image":false,"footnotes":""},"categories":[6],"tags":[],"yoast_head":"<!-- This site is optimized with the Yoast SEO plugin v22.2 - https:\/\/yoast.com\/wordpress\/plugins\/seo\/ -->\n<title>PEOPLE FIRST: LAS PERSONAS, EL CENTRO DE LAS MARCAS - Costa Rica<\/title>\n<meta name=\"robots\" content=\"index, follow, max-snippet:-1, max-image-preview:large, max-video-preview:-1\" \/>\n<link rel=\"canonical\" href=\"https:\/\/4amsaatchi.com\/costarica\/people-first-las-personas-el-centro-de-las-marcas\/\" \/>\n<meta property=\"og:locale\" content=\"es_ES\" \/>\n<meta property=\"og:type\" content=\"article\" \/>\n<meta property=\"og:title\" content=\"PEOPLE FIRST: LAS PERSONAS, EL CENTRO DE LAS MARCAS - Costa Rica\" \/>\n<meta property=\"og:description\" content=\"Un consumidor no busca un producto o servicio, sino una experiencia. Con People First queremos humanizar las marcas poniendo a las personas en el centro de nuestra estrategia para proponerles soluciones a su medida....\" \/>\n<meta property=\"og:url\" content=\"https:\/\/4amsaatchi.com\/costarica\/people-first-las-personas-el-centro-de-las-marcas\/\" \/>\n<meta property=\"og:site_name\" content=\"Costa Rica\" \/>\n<meta property=\"article:published_time\" content=\"2018-05-10T17:11:34+00:00\" \/>\n<meta property=\"article:modified_time\" content=\"2018-05-17T17:20:51+00:00\" \/>\n<meta property=\"og:image\" content=\"https:\/\/4amsaatchi.com\/costarica\/wp-content\/uploads\/sites\/4\/2018\/05\/Captura-de-pantalla-2018-03-15-a-las-12.27.25.png\" \/>\n\t<meta property=\"og:image:width\" content=\"1782\" \/>\n\t<meta property=\"og:image:height\" content=\"998\" \/>\n\t<meta property=\"og:image:type\" content=\"image\/png\" \/>\n<meta name=\"author\" content=\"admin\" \/>\n<meta name=\"twitter:card\" content=\"summary_large_image\" \/>\n<meta name=\"twitter:label1\" content=\"Escrito por\" \/>\n\t<meta name=\"twitter:data1\" content=\"admin\" \/>\n\t<meta name=\"twitter:label2\" content=\"Tiempo de lectura\" \/>\n\t<meta name=\"twitter:data2\" content=\"2 minutos\" \/>\n<script type=\"application\/ld+json\" class=\"yoast-schema-graph\">{\"@context\":\"https:\/\/schema.org\",\"@graph\":[{\"@type\":\"WebPage\",\"@id\":\"https:\/\/4amsaatchi.com\/costarica\/people-first-las-personas-el-centro-de-las-marcas\/\",\"url\":\"https:\/\/4amsaatchi.com\/costarica\/people-first-las-personas-el-centro-de-las-marcas\/\",\"name\":\"PEOPLE FIRST: LAS PERSONAS, EL CENTRO DE LAS MARCAS - Costa Rica\",\"isPartOf\":{\"@id\":\"https:\/\/4amsaatchi.com\/costarica\/#website\"},\"primaryImageOfPage\":{\"@id\":\"https:\/\/4amsaatchi.com\/costarica\/people-first-las-personas-el-centro-de-las-marcas\/#primaryimage\"},\"image\":{\"@id\":\"https:\/\/4amsaatchi.com\/costarica\/people-first-las-personas-el-centro-de-las-marcas\/#primaryimage\"},\"thumbnailUrl\":\"https:\/\/4amsaatchi.com\/costarica\/wp-content\/uploads\/sites\/4\/2018\/05\/Captura-de-pantalla-2018-03-15-a-las-12.27.25.png\",\"datePublished\":\"2018-05-10T17:11:34+00:00\",\"dateModified\":\"2018-05-17T17:20:51+00:00\",\"author\":{\"@id\":\"https:\/\/4amsaatchi.com\/costarica\/#\/schema\/person\/ad5cd4679722b4f3577b81ca1bb5a496\"},\"breadcrumb\":{\"@id\":\"https:\/\/4amsaatchi.com\/costarica\/people-first-las-personas-el-centro-de-las-marcas\/#breadcrumb\"},\"inLanguage\":\"es\",\"potentialAction\":[{\"@type\":\"ReadAction\",\"target\":[\"https:\/\/4amsaatchi.com\/costarica\/people-first-las-personas-el-centro-de-las-marcas\/\"]}]},{\"@type\":\"ImageObject\",\"inLanguage\":\"es\",\"@id\":\"https:\/\/4amsaatchi.com\/costarica\/people-first-las-personas-el-centro-de-las-marcas\/#primaryimage\",\"url\":\"https:\/\/4amsaatchi.com\/costarica\/wp-content\/uploads\/sites\/4\/2018\/05\/Captura-de-pantalla-2018-03-15-a-las-12.27.25.png\",\"contentUrl\":\"https:\/\/4amsaatchi.com\/costarica\/wp-content\/uploads\/sites\/4\/2018\/05\/Captura-de-pantalla-2018-03-15-a-las-12.27.25.png\",\"width\":1782,\"height\":998},{\"@type\":\"BreadcrumbList\",\"@id\":\"https:\/\/4amsaatchi.com\/costarica\/people-first-las-personas-el-centro-de-las-marcas\/#breadcrumb\",\"itemListElement\":[{\"@type\":\"ListItem\",\"position\":1,\"name\":\"Portada\",\"item\":\"https:\/\/4amsaatchi.com\/costarica\/\"},{\"@type\":\"ListItem\",\"position\":2,\"name\":\"PEOPLE FIRST: LAS PERSONAS, EL CENTRO DE LAS MARCAS\"}]},{\"@type\":\"WebSite\",\"@id\":\"https:\/\/4amsaatchi.com\/costarica\/#website\",\"url\":\"https:\/\/4amsaatchi.com\/costarica\/\",\"name\":\"Costa Rica\",\"description\":\"\",\"potentialAction\":[{\"@type\":\"SearchAction\",\"target\":{\"@type\":\"EntryPoint\",\"urlTemplate\":\"https:\/\/4amsaatchi.com\/costarica\/?s={search_term_string}\"},\"query-input\":\"required name=search_term_string\"}],\"inLanguage\":\"es\"},{\"@type\":\"Person\",\"@id\":\"https:\/\/4amsaatchi.com\/costarica\/#\/schema\/person\/ad5cd4679722b4f3577b81ca1bb5a496\",\"name\":\"admin\",\"image\":{\"@type\":\"ImageObject\",\"inLanguage\":\"es\",\"@id\":\"https:\/\/4amsaatchi.com\/costarica\/#\/schema\/person\/image\/\",\"url\":\"https:\/\/secure.gravatar.com\/avatar\/4f6d5d60315631073e12c15ba5eb86e9?s=96&d=mm&r=g\",\"contentUrl\":\"https:\/\/secure.gravatar.com\/avatar\/4f6d5d60315631073e12c15ba5eb86e9?s=96&d=mm&r=g\",\"caption\":\"admin\"},\"url\":\"https:\/\/4amsaatchi.com\/costarica\/author\/admin\/\"}]}<\/script>\n<!-- \/ Yoast SEO plugin. -->","yoast_head_json":{"title":"PEOPLE FIRST: LAS PERSONAS, EL CENTRO DE LAS MARCAS - Costa Rica","robots":{"index":"index","follow":"follow","max-snippet":"max-snippet:-1","max-image-preview":"max-image-preview:large","max-video-preview":"max-video-preview:-1"},"canonical":"https:\/\/4amsaatchi.com\/costarica\/people-first-las-personas-el-centro-de-las-marcas\/","og_locale":"es_ES","og_type":"article","og_title":"PEOPLE FIRST: LAS PERSONAS, EL CENTRO DE LAS MARCAS - Costa Rica","og_description":"Un consumidor no busca un producto o servicio, sino una experiencia. Con People First queremos humanizar las marcas poniendo a las personas en el centro de nuestra estrategia para proponerles soluciones a su medida....","og_url":"https:\/\/4amsaatchi.com\/costarica\/people-first-las-personas-el-centro-de-las-marcas\/","og_site_name":"Costa Rica","article_published_time":"2018-05-10T17:11:34+00:00","article_modified_time":"2018-05-17T17:20:51+00:00","og_image":[{"width":1782,"height":998,"url":"https:\/\/4amsaatchi.com\/costarica\/wp-content\/uploads\/sites\/4\/2018\/05\/Captura-de-pantalla-2018-03-15-a-las-12.27.25.png","type":"image\/png"}],"author":"admin","twitter_card":"summary_large_image","twitter_misc":{"Escrito por":"admin","Tiempo de lectura":"2 minutos"},"schema":{"@context":"https:\/\/schema.org","@graph":[{"@type":"WebPage","@id":"https:\/\/4amsaatchi.com\/costarica\/people-first-las-personas-el-centro-de-las-marcas\/","url":"https:\/\/4amsaatchi.com\/costarica\/people-first-las-personas-el-centro-de-las-marcas\/","name":"PEOPLE FIRST: LAS PERSONAS, EL CENTRO DE LAS MARCAS - Costa Rica","isPartOf":{"@id":"https:\/\/4amsaatchi.com\/costarica\/#website"},"primaryImageOfPage":{"@id":"https:\/\/4amsaatchi.com\/costarica\/people-first-las-personas-el-centro-de-las-marcas\/#primaryimage"},"image":{"@id":"https:\/\/4amsaatchi.com\/costarica\/people-first-las-personas-el-centro-de-las-marcas\/#primaryimage"},"thumbnailUrl":"https:\/\/4amsaatchi.com\/costarica\/wp-content\/uploads\/sites\/4\/2018\/05\/Captura-de-pantalla-2018-03-15-a-las-12.27.25.png","datePublished":"2018-05-10T17:11:34+00:00","dateModified":"2018-05-17T17:20:51+00:00","author":{"@id":"https:\/\/4amsaatchi.com\/costarica\/#\/schema\/person\/ad5cd4679722b4f3577b81ca1bb5a496"},"breadcrumb":{"@id":"https:\/\/4amsaatchi.com\/costarica\/people-first-las-personas-el-centro-de-las-marcas\/#breadcrumb"},"inLanguage":"es","potentialAction":[{"@type":"ReadAction","target":["https:\/\/4amsaatchi.com\/costarica\/people-first-las-personas-el-centro-de-las-marcas\/"]}]},{"@type":"ImageObject","inLanguage":"es","@id":"https:\/\/4amsaatchi.com\/costarica\/people-first-las-personas-el-centro-de-las-marcas\/#primaryimage","url":"https:\/\/4amsaatchi.com\/costarica\/wp-content\/uploads\/sites\/4\/2018\/05\/Captura-de-pantalla-2018-03-15-a-las-12.27.25.png","contentUrl":"https:\/\/4amsaatchi.com\/costarica\/wp-content\/uploads\/sites\/4\/2018\/05\/Captura-de-pantalla-2018-03-15-a-las-12.27.25.png","width":1782,"height":998},{"@type":"BreadcrumbList","@id":"https:\/\/4amsaatchi.com\/costarica\/people-first-las-personas-el-centro-de-las-marcas\/#breadcrumb","itemListElement":[{"@type":"ListItem","position":1,"name":"Portada","item":"https:\/\/4amsaatchi.com\/costarica\/"},{"@type":"ListItem","position":2,"name":"PEOPLE FIRST: LAS PERSONAS, EL CENTRO DE LAS MARCAS"}]},{"@type":"WebSite","@id":"https:\/\/4amsaatchi.com\/costarica\/#website","url":"https:\/\/4amsaatchi.com\/costarica\/","name":"Costa Rica","description":"","potentialAction":[{"@type":"SearchAction","target":{"@type":"EntryPoint","urlTemplate":"https:\/\/4amsaatchi.com\/costarica\/?s={search_term_string}"},"query-input":"required name=search_term_string"}],"inLanguage":"es"},{"@type":"Person","@id":"https:\/\/4amsaatchi.com\/costarica\/#\/schema\/person\/ad5cd4679722b4f3577b81ca1bb5a496","name":"admin","image":{"@type":"ImageObject","inLanguage":"es","@id":"https:\/\/4amsaatchi.com\/costarica\/#\/schema\/person\/image\/","url":"https:\/\/secure.gravatar.com\/avatar\/4f6d5d60315631073e12c15ba5eb86e9?s=96&d=mm&r=g","contentUrl":"https:\/\/secure.gravatar.com\/avatar\/4f6d5d60315631073e12c15ba5eb86e9?s=96&d=mm&r=g","caption":"admin"},"url":"https:\/\/4amsaatchi.com\/costarica\/author\/admin\/"}]}},"jetpack_featured_media_url":"https:\/\/4amsaatchi.com\/costarica\/wp-content\/uploads\/sites\/4\/2018\/05\/Captura-de-pantalla-2018-03-15-a-las-12.27.25.png","_links":{"self":[{"href":"https:\/\/4amsaatchi.com\/costarica\/wp-json\/wp\/v2\/posts\/354"}],"collection":[{"href":"https:\/\/4amsaatchi.com\/costarica\/wp-json\/wp\/v2\/posts"}],"about":[{"href":"https:\/\/4amsaatchi.com\/costarica\/wp-json\/wp\/v2\/types\/post"}],"author":[{"embeddable":true,"href":"https:\/\/4amsaatchi.com\/costarica\/wp-json\/wp\/v2\/users\/1"}],"replies":[{"embeddable":true,"href":"https:\/\/4amsaatchi.com\/costarica\/wp-json\/wp\/v2\/comments?post=354"}],"version-history":[{"count":5,"href":"https:\/\/4amsaatchi.com\/costarica\/wp-json\/wp\/v2\/posts\/354\/revisions"}],"predecessor-version":[{"id":640,"href":"https:\/\/4amsaatchi.com\/costarica\/wp-json\/wp\/v2\/posts\/354\/revisions\/640"}],"wp:featuredmedia":[{"embeddable":true,"href":"https:\/\/4amsaatchi.com\/costarica\/wp-json\/wp\/v2\/media\/269"}],"wp:attachment":[{"href":"https:\/\/4amsaatchi.com\/costarica\/wp-json\/wp\/v2\/media?parent=354"}],"wp:term":[{"taxonomy":"category","embeddable":true,"href":"https:\/\/4amsaatchi.com\/costarica\/wp-json\/wp\/v2\/categories?post=354"},{"taxonomy":"post_tag","embeddable":true,"href":"https:\/\/4amsaatchi.com\/costarica\/wp-json\/wp\/v2\/tags?post=354"}],"curies":[{"name":"wp","href":"https:\/\/api.w.org\/{rel}","templated":true}]}}