{"id":290,"date":"2018-05-10T05:00:16","date_gmt":"2018-05-10T05:00:16","guid":{"rendered":"https:\/\/4amsaatchi.com\/?p=290"},"modified":"2018-07-03T17:52:10","modified_gmt":"2018-07-03T17:52:10","slug":"marcelo-alvarez","status":"publish","type":"post","link":"https:\/\/4amsaatchi.com\/costarica\/marcelo-alvarez\/","title":{"rendered":"MARCELO ALVAREZ SAGHERIAN"},"content":{"rendered":"<div class=\"mp-row-fluid motopress-row mp-row-fullwidth mpce-prvt-197-5af36faf161a8 mpce-dsbl-margin-left mpce-dsbl-margin-right\">\n<div class=\"motopress-clmn mp-span12  mpce-dsbl-margin-left mpce-dsbl-margin-right\">\n<div class=\"mp-row-fluid motopress-row mpce-dsbl-margin-left mpce-dsbl-margin-right\">\n<div class=\"motopress-clmn mp-span12 mpce-dsbl-margin-left mpce-dsbl-margin-right\">\n<div class=\"motopress-code-obj\">\n<div class=\"col-md-4 col-sm-6 col-xs-12\">\n<p><img loading=\"lazy\" decoding=\"async\" class=\"foto-persona alignnone wp-image-702 size-full\" src=\"https:\/\/4amsaatchi.com\/wp-content\/uploads\/sites\/4\/2018\/05\/marcelo.jpg\" alt=\"\" width=\"600\" height=\"600\" srcset=\"https:\/\/4amsaatchi.com\/costarica\/wp-content\/uploads\/sites\/4\/2018\/05\/marcelo.jpg 600w, https:\/\/4amsaatchi.com\/costarica\/wp-content\/uploads\/sites\/4\/2018\/05\/marcelo-150x150.jpg 150w, https:\/\/4amsaatchi.com\/costarica\/wp-content\/uploads\/sites\/4\/2018\/05\/marcelo-300x300.jpg 300w, https:\/\/4amsaatchi.com\/costarica\/wp-content\/uploads\/sites\/4\/2018\/05\/marcelo-100x100.jpg 100w\" sizes=\"(max-width: 600px) 100vw, 600px\" \/><\/p>\n<\/div>\n<div class=\"col-md-8 col-sm-6 col-xs-12\">\n<h2 class=\"titulo-persona\">MARCELO ALVAREZ\u00a0SAGHERIAN<\/h2>\n<p class=\"cargo-persona\">COO Regional<\/p>\n<p class=\"parrafos-personas\">Marcelo Alvarez Sagherian es uruguayo y para \u00e9l divertirse es parte fundamental de todas las actividades que realiza, lleg\u00f3 a la publicidad en 1990 por casualidad porque la carrera que eligi\u00f3, la abandon\u00f3.<\/p>\n<p class=\"parrafos-personas\">Fue anunciante y medio de comunicaci\u00f3n, pero siente que estar en la Agencia 4am es m\u00e1s retador porque cree que \u201cdejando la menor cantidad de puntos librados al azar y tom\u00e1ndose un minuto m\u00e1s del tiempo necesario, se pueden lograr los prop\u00f3sitos que se plantea\u201d.<\/p>\n<p class=\"parrafos-personas\">Hoy Marcelo Alvarez Sagherian reside y opera desde Panam\u00e1, por eso todos en 4am le decimos que se volvi\u00f3 caribe\u00f1o.. En sus ratos libres disfruta viendo f\u00fatbol, ciclismo y las transmisiones de la NBA, aunque no sea bueno para practicar ning\u00fan deporte.<\/p>\n<p class=\"parrafos-personas\">El rol que desempe\u00f1a en la agencia es fundamental en la integraci\u00f3n de la organizaci\u00f3n. En las oficinas podemos encontrarlo hablando de ideas y no de negocio, porque para Marcelo el negocio es el fruto de hacer bien el trabajo todos los d\u00edas.<\/p>\n<\/div>\n<\/div>\n<\/div>\n<\/div>\n<div class=\"mp-row-fluid motopress-row mpce-dsbl-margin-left mpce-dsbl-margin-right\">\n<div class=\"motopress-clmn mp-span12 mpce-dsbl-margin-left mpce-dsbl-margin-right  motopress-space\">\n<div class=\"motopress-space-obj mpce-dsbl-background-image-type mpce-dsbl-background-image mpce-dsbl-background-gradient mpce-dsbl-background-position mpce-dsbl-background-position-x mpce-dsbl-background-position-y mpce-dsbl-background-repeat mpce-dsbl-background-size mpce-dsbl-background-attachment mpce-dsbl-margin-left mpce-dsbl-margin-right mpce-dsbl-background-color mpce-dsbl-border-top-width mpce-dsbl-border-bottom-width mpce-dsbl-border-left-width mpce-dsbl-border-right-width mpce-dsbl-border-top-left-radius mpce-dsbl-border-top-right-radius mpce-dsbl-border-bottom-left-radius mpce-dsbl-border-bottom-right-radius mpce-dsbl-border-style mpce-dsbl-border-color mpce-dsbl-padding-left mpce-dsbl-padding-right mpce-dsbl-margin-top mpce-dsbl-margin-bottom mpce-dsbl-color motopress-margin-top-25\"  data-min-height=\"0\"><div><\/div><\/div>\n<\/div>\n<\/div>\n<\/div>\n<\/div>\n","protected":false},"excerpt":{"rendered":"COO REGIONAL\r\n<div class=\"line-center\"><\/div>\r\n<p class=\"texto-team-dos\">\u00abEl uruguayo m\u00e1s caribe\u00f1o\u00bb<\/p>","protected":false},"author":1,"featured_media":702,"comment_status":"closed","ping_status":"closed","sticky":false,"template":"","format":"standard","meta":{"inline_featured_image":false,"footnotes":""},"categories":[7,11,5],"tags":[],"yoast_head":"<!-- This site is optimized with the Yoast SEO plugin v22.2 - https:\/\/yoast.com\/wordpress\/plugins\/seo\/ -->\n<title>MARCELO ALVAREZ SAGHERIAN - Costa Rica<\/title>\n<meta name=\"robots\" content=\"index, follow, max-snippet:-1, max-image-preview:large, max-video-preview:-1\" \/>\n<link rel=\"canonical\" href=\"https:\/\/4amsaatchi.com\/costarica\/marcelo-alvarez\/\" \/>\n<meta property=\"og:locale\" content=\"es_ES\" \/>\n<meta property=\"og:type\" content=\"article\" \/>\n<meta property=\"og:title\" content=\"MARCELO ALVAREZ SAGHERIAN - Costa Rica\" \/>\n<meta property=\"og:description\" content=\"COO REGIONAL  &quot;El uruguayo m\u00e1s caribe\u00f1o&quot;\" \/>\n<meta property=\"og:url\" content=\"https:\/\/4amsaatchi.com\/costarica\/marcelo-alvarez\/\" \/>\n<meta property=\"og:site_name\" content=\"Costa Rica\" \/>\n<meta property=\"article:published_time\" content=\"2018-05-10T05:00:16+00:00\" \/>\n<meta property=\"article:modified_time\" content=\"2018-07-03T17:52:10+00:00\" \/>\n<meta property=\"og:image\" content=\"https:\/\/4amsaatchi.com\/costarica\/wp-content\/uploads\/sites\/4\/2018\/05\/marcelo.jpg\" \/>\n\t<meta property=\"og:image:width\" content=\"600\" \/>\n\t<meta property=\"og:image:height\" content=\"600\" \/>\n\t<meta property=\"og:image:type\" content=\"image\/jpeg\" \/>\n<meta name=\"author\" content=\"admin\" \/>\n<meta name=\"twitter:card\" content=\"summary_large_image\" \/>\n<meta name=\"twitter:label1\" content=\"Escrito por\" \/>\n\t<meta name=\"twitter:data1\" content=\"admin\" \/>\n\t<meta name=\"twitter:label2\" content=\"Tiempo de lectura\" \/>\n\t<meta name=\"twitter:data2\" content=\"1 minuto\" \/>\n<script type=\"application\/ld+json\" class=\"yoast-schema-graph\">{\"@context\":\"https:\/\/schema.org\",\"@graph\":[{\"@type\":\"WebPage\",\"@id\":\"https:\/\/4amsaatchi.com\/costarica\/marcelo-alvarez\/\",\"url\":\"https:\/\/4amsaatchi.com\/costarica\/marcelo-alvarez\/\",\"name\":\"MARCELO ALVAREZ SAGHERIAN - Costa Rica\",\"isPartOf\":{\"@id\":\"https:\/\/4amsaatchi.com\/costarica\/#website\"},\"primaryImageOfPage\":{\"@id\":\"https:\/\/4amsaatchi.com\/costarica\/marcelo-alvarez\/#primaryimage\"},\"image\":{\"@id\":\"https:\/\/4amsaatchi.com\/costarica\/marcelo-alvarez\/#primaryimage\"},\"thumbnailUrl\":\"https:\/\/4amsaatchi.com\/costarica\/wp-content\/uploads\/sites\/4\/2018\/05\/marcelo.jpg\",\"datePublished\":\"2018-05-10T05:00:16+00:00\",\"dateModified\":\"2018-07-03T17:52:10+00:00\",\"author\":{\"@id\":\"https:\/\/4amsaatchi.com\/costarica\/#\/schema\/person\/ad5cd4679722b4f3577b81ca1bb5a496\"},\"breadcrumb\":{\"@id\":\"https:\/\/4amsaatchi.com\/costarica\/marcelo-alvarez\/#breadcrumb\"},\"inLanguage\":\"es\",\"potentialAction\":[{\"@type\":\"ReadAction\",\"target\":[\"https:\/\/4amsaatchi.com\/costarica\/marcelo-alvarez\/\"]}]},{\"@type\":\"ImageObject\",\"inLanguage\":\"es\",\"@id\":\"https:\/\/4amsaatchi.com\/costarica\/marcelo-alvarez\/#primaryimage\",\"url\":\"https:\/\/4amsaatchi.com\/costarica\/wp-content\/uploads\/sites\/4\/2018\/05\/marcelo.jpg\",\"contentUrl\":\"https:\/\/4amsaatchi.com\/costarica\/wp-content\/uploads\/sites\/4\/2018\/05\/marcelo.jpg\",\"width\":600,\"height\":600},{\"@type\":\"BreadcrumbList\",\"@id\":\"https:\/\/4amsaatchi.com\/costarica\/marcelo-alvarez\/#breadcrumb\",\"itemListElement\":[{\"@type\":\"ListItem\",\"position\":1,\"name\":\"Portada\",\"item\":\"https:\/\/4amsaatchi.com\/costarica\/\"},{\"@type\":\"ListItem\",\"position\":2,\"name\":\"MARCELO ALVAREZ SAGHERIAN\"}]},{\"@type\":\"WebSite\",\"@id\":\"https:\/\/4amsaatchi.com\/costarica\/#website\",\"url\":\"https:\/\/4amsaatchi.com\/costarica\/\",\"name\":\"Costa Rica\",\"description\":\"\",\"potentialAction\":[{\"@type\":\"SearchAction\",\"target\":{\"@type\":\"EntryPoint\",\"urlTemplate\":\"https:\/\/4amsaatchi.com\/costarica\/?s={search_term_string}\"},\"query-input\":\"required name=search_term_string\"}],\"inLanguage\":\"es\"},{\"@type\":\"Person\",\"@id\":\"https:\/\/4amsaatchi.com\/costarica\/#\/schema\/person\/ad5cd4679722b4f3577b81ca1bb5a496\",\"name\":\"admin\",\"image\":{\"@type\":\"ImageObject\",\"inLanguage\":\"es\",\"@id\":\"https:\/\/4amsaatchi.com\/costarica\/#\/schema\/person\/image\/\",\"url\":\"https:\/\/secure.gravatar.com\/avatar\/4f6d5d60315631073e12c15ba5eb86e9?s=96&d=mm&r=g\",\"contentUrl\":\"https:\/\/secure.gravatar.com\/avatar\/4f6d5d60315631073e12c15ba5eb86e9?s=96&d=mm&r=g\",\"caption\":\"admin\"},\"url\":\"https:\/\/4amsaatchi.com\/costarica\/author\/admin\/\"}]}<\/script>\n<!-- \/ Yoast SEO plugin. -->","yoast_head_json":{"title":"MARCELO ALVAREZ SAGHERIAN - Costa Rica","robots":{"index":"index","follow":"follow","max-snippet":"max-snippet:-1","max-image-preview":"max-image-preview:large","max-video-preview":"max-video-preview:-1"},"canonical":"https:\/\/4amsaatchi.com\/costarica\/marcelo-alvarez\/","og_locale":"es_ES","og_type":"article","og_title":"MARCELO ALVAREZ SAGHERIAN - Costa Rica","og_description":"COO REGIONAL  \"El uruguayo m\u00e1s caribe\u00f1o\"","og_url":"https:\/\/4amsaatchi.com\/costarica\/marcelo-alvarez\/","og_site_name":"Costa Rica","article_published_time":"2018-05-10T05:00:16+00:00","article_modified_time":"2018-07-03T17:52:10+00:00","og_image":[{"width":600,"height":600,"url":"https:\/\/4amsaatchi.com\/costarica\/wp-content\/uploads\/sites\/4\/2018\/05\/marcelo.jpg","type":"image\/jpeg"}],"author":"admin","twitter_card":"summary_large_image","twitter_misc":{"Escrito por":"admin","Tiempo de lectura":"1 minuto"},"schema":{"@context":"https:\/\/schema.org","@graph":[{"@type":"WebPage","@id":"https:\/\/4amsaatchi.com\/costarica\/marcelo-alvarez\/","url":"https:\/\/4amsaatchi.com\/costarica\/marcelo-alvarez\/","name":"MARCELO ALVAREZ SAGHERIAN - Costa Rica","isPartOf":{"@id":"https:\/\/4amsaatchi.com\/costarica\/#website"},"primaryImageOfPage":{"@id":"https:\/\/4amsaatchi.com\/costarica\/marcelo-alvarez\/#primaryimage"},"image":{"@id":"https:\/\/4amsaatchi.com\/costarica\/marcelo-alvarez\/#primaryimage"},"thumbnailUrl":"https:\/\/4amsaatchi.com\/costarica\/wp-content\/uploads\/sites\/4\/2018\/05\/marcelo.jpg","datePublished":"2018-05-10T05:00:16+00:00","dateModified":"2018-07-03T17:52:10+00:00","author":{"@id":"https:\/\/4amsaatchi.com\/costarica\/#\/schema\/person\/ad5cd4679722b4f3577b81ca1bb5a496"},"breadcrumb":{"@id":"https:\/\/4amsaatchi.com\/costarica\/marcelo-alvarez\/#breadcrumb"},"inLanguage":"es","potentialAction":[{"@type":"ReadAction","target":["https:\/\/4amsaatchi.com\/costarica\/marcelo-alvarez\/"]}]},{"@type":"ImageObject","inLanguage":"es","@id":"https:\/\/4amsaatchi.com\/costarica\/marcelo-alvarez\/#primaryimage","url":"https:\/\/4amsaatchi.com\/costarica\/wp-content\/uploads\/sites\/4\/2018\/05\/marcelo.jpg","contentUrl":"https:\/\/4amsaatchi.com\/costarica\/wp-content\/uploads\/sites\/4\/2018\/05\/marcelo.jpg","width":600,"height":600},{"@type":"BreadcrumbList","@id":"https:\/\/4amsaatchi.com\/costarica\/marcelo-alvarez\/#breadcrumb","itemListElement":[{"@type":"ListItem","position":1,"name":"Portada","item":"https:\/\/4amsaatchi.com\/costarica\/"},{"@type":"ListItem","position":2,"name":"MARCELO ALVAREZ SAGHERIAN"}]},{"@type":"WebSite","@id":"https:\/\/4amsaatchi.com\/costarica\/#website","url":"https:\/\/4amsaatchi.com\/costarica\/","name":"Costa Rica","description":"","potentialAction":[{"@type":"SearchAction","target":{"@type":"EntryPoint","urlTemplate":"https:\/\/4amsaatchi.com\/costarica\/?s={search_term_string}"},"query-input":"required name=search_term_string"}],"inLanguage":"es"},{"@type":"Person","@id":"https:\/\/4amsaatchi.com\/costarica\/#\/schema\/person\/ad5cd4679722b4f3577b81ca1bb5a496","name":"admin","image":{"@type":"ImageObject","inLanguage":"es","@id":"https:\/\/4amsaatchi.com\/costarica\/#\/schema\/person\/image\/","url":"https:\/\/secure.gravatar.com\/avatar\/4f6d5d60315631073e12c15ba5eb86e9?s=96&d=mm&r=g","contentUrl":"https:\/\/secure.gravatar.com\/avatar\/4f6d5d60315631073e12c15ba5eb86e9?s=96&d=mm&r=g","caption":"admin"},"url":"https:\/\/4amsaatchi.com\/costarica\/author\/admin\/"}]}},"jetpack_featured_media_url":"https:\/\/4amsaatchi.com\/costarica\/wp-content\/uploads\/sites\/4\/2018\/05\/marcelo.jpg","_links":{"self":[{"href":"https:\/\/4amsaatchi.com\/costarica\/wp-json\/wp\/v2\/posts\/290"}],"collection":[{"href":"https:\/\/4amsaatchi.com\/costarica\/wp-json\/wp\/v2\/posts"}],"about":[{"href":"https:\/\/4amsaatchi.com\/costarica\/wp-json\/wp\/v2\/types\/post"}],"author":[{"embeddable":true,"href":"https:\/\/4amsaatchi.com\/costarica\/wp-json\/wp\/v2\/users\/1"}],"replies":[{"embeddable":true,"href":"https:\/\/4amsaatchi.com\/costarica\/wp-json\/wp\/v2\/comments?post=290"}],"version-history":[{"count":15,"href":"https:\/\/4amsaatchi.com\/costarica\/wp-json\/wp\/v2\/posts\/290\/revisions"}],"predecessor-version":[{"id":1360,"href":"https:\/\/4amsaatchi.com\/costarica\/wp-json\/wp\/v2\/posts\/290\/revisions\/1360"}],"wp:featuredmedia":[{"embeddable":true,"href":"https:\/\/4amsaatchi.com\/costarica\/wp-json\/wp\/v2\/media\/702"}],"wp:attachment":[{"href":"https:\/\/4amsaatchi.com\/costarica\/wp-json\/wp\/v2\/media?parent=290"}],"wp:term":[{"taxonomy":"category","embeddable":true,"href":"https:\/\/4amsaatchi.com\/costarica\/wp-json\/wp\/v2\/categories?post=290"},{"taxonomy":"post_tag","embeddable":true,"href":"https:\/\/4amsaatchi.com\/costarica\/wp-json\/wp\/v2\/tags?post=290"}],"curies":[{"name":"wp","href":"https:\/\/api.w.org\/{rel}","templated":true}]}}